{"id":119,"date":"2008-04-25T14:15:51","date_gmt":"2008-04-25T14:15:51","guid":{"rendered":"http:\/\/ubl-leinach.de\/ublog\/?p=119"},"modified":"2011-10-06T15:01:48","modified_gmt":"2011-10-06T15:01:48","slug":"zukunftsforum-mit-dem-thema-nein-zur-b26n","status":"publish","type":"post","link":"https:\/\/ubl-leinach.de\/ublog\/zukunftsforum-mit-dem-thema-nein-zur-b26n\/","title":{"rendered":"Zukunftsforum mit dem Thema &#8222;Nein zur B26n!&#8220;"},"content":{"rendered":"<p>Im Rahmen der Fr\u00fchjahrswanderung am Sonntag, 20. April 2008, f\u00fchrte die UBL zahlreichen Teilnehmern vor Augen, wo die zuk\u00fcnftige Trasse der geplanten Westumgehung B26n (\u201eMainspessart-Autobahn\u201c) auf Leinacher Gemarkung m\u00f6glicherweise verlaufen k\u00f6nnte.<\/p>\n<p>Danach zeigte am Freitag, 25. April 2008, Herr Prof. Dr. H. Frimmel, zusammen mit Herrn Klaus Lummel, im Rahmen des Zukunftsforums anhand einer Reihe von Pl\u00e4nen und Ausz\u00fcgen aus Gutachten, den B\u00fcrgerinnen und B\u00fcrgern in der Theorie auf, was die Verwirklichung dieser Verkehrswegeplanung u.a. f\u00fcr Leinach bedeuten w\u00fcrde.<\/p>\n<p style=\"text-align: center;\"><a title=\"Contra B26n\" href=\"http:\/\/www.ubl-leinach.de\/ublog\/pdf\/westumgehung.pdf\" target=\"_blank\">Zur Pr\u00e4sentation<\/a><\/p>\n<p style=\"text-align: center;\"><a href=\"http:\/\/www.ubl-leinach.de\/pdf\/westumgehung.pdf\"><img loading=\"lazy\" decoding=\"async\" class=\"aligncenter\" title=\"Zur Pr\u00e4sentation\" src=\"http:\/\/ubl-leinach.de\/jpg\/b26n_2.jpg\" alt=\"\" width=\"480\" height=\"360\" \/><\/a><a href=\"http:\/\/www.ubl-leinach.de\/pdf\/westumgehung.pdf\" target=\"_blank\"><img loading=\"lazy\" decoding=\"async\" src=\"http:\/\/ubl-leinach.de\/ubl\/images\/stories\/b26n.jpg\" alt=\"Pr\u00e4sentation \" width=\"0\" height=\"0\" \/><\/a><\/p>\n","protected":false},"excerpt":{"rendered":"<p>Im Rahmen der Fr\u00fchjahrswanderung am Sonntag, 20. April 2008, f\u00fchrte die UBL zahlreichen Teilnehmern vor Augen, wo die zuk\u00fcnftige Trasse der geplanten Westumgehung B26n (\u201eMainspessart-Autobahn\u201c) auf Leinacher Gemarkung m\u00f6glicherweise verlaufen k\u00f6nnte. Danach zeigte am Freitag, 25. April 2008, Herr Prof. Dr. H. Frimmel, zusammen mit Herrn Klaus Lummel, im Rahmen des Zukunftsforums anhand einer Reihe [&hellip;]<\/p>\n","protected":false},"author":1,"featured_media":0,"comment_status":"open","ping_status":"open","sticky":false,"template":"","format":"standard","meta":{"ngg_post_thumbnail":0,"footnotes":""},"categories":[15,13,4],"tags":[20,16,21,18,19,17],"class_list":["post-119","post","type-post","status-publish","format-standard","hentry","category-contra-b26n","category-ubl","category-veranstaltungen","tag-autobahn","tag-b26n","tag-burgerinitiative","tag-contra","tag-msp","tag-westumgehung"],"_links":{"self":[{"href":"https:\/\/ubl-leinach.de\/ublog\/wp-json\/wp\/v2\/posts\/119","targetHints":{"allow":["GET"]}}],"collection":[{"href":"https:\/\/ubl-leinach.de\/ublog\/wp-json\/wp\/v2\/posts"}],"about":[{"href":"https:\/\/ubl-leinach.de\/ublog\/wp-json\/wp\/v2\/types\/post"}],"author":[{"embeddable":true,"href":"https:\/\/ubl-leinach.de\/ublog\/wp-json\/wp\/v2\/users\/1"}],"replies":[{"embeddable":true,"href":"https:\/\/ubl-leinach.de\/ublog\/wp-json\/wp\/v2\/comments?post=119"}],"version-history":[{"count":5,"href":"https:\/\/ubl-leinach.de\/ublog\/wp-json\/wp\/v2\/posts\/119\/revisions"}],"predecessor-version":[{"id":160,"href":"https:\/\/ubl-leinach.de\/ublog\/wp-json\/wp\/v2\/posts\/119\/revisions\/160"}],"wp:attachment":[{"href":"https:\/\/ubl-leinach.de\/ublog\/wp-json\/wp\/v2\/media?parent=119"}],"wp:term":[{"taxonomy":"category","embeddable":true,"href":"https:\/\/ubl-leinach.de\/ublog\/wp-json\/wp\/v2\/categories?post=119"},{"taxonomy":"post_tag","embeddable":true,"href":"https:\/\/ubl-leinach.de\/ublog\/wp-json\/wp\/v2\/tags?post=119"}],"curies":[{"name":"wp","href":"https:\/\/api.w.org\/{rel}","templated":true}]}}