{"id":200,"date":"2008-07-22T23:15:11","date_gmt":"2008-07-22T23:15:11","guid":{"rendered":"http:\/\/ubl-leinach.de\/ublog\/?p=200"},"modified":"2011-10-06T15:53:39","modified_gmt":"2011-10-06T15:53:39","slug":"gemeinderatssitzung-vom-22-07-2008","status":"publish","type":"post","link":"https:\/\/ubl-leinach.de\/ublog\/gemeinderatssitzung-vom-22-07-2008\/","title":{"rendered":"Gemeinderatssitzung vom 22.07.2008"},"content":{"rendered":"<p>Die letzte Sitzung vor den Sommerferien sollte eigentlich unter freiem Himmel stattfinden, aber wie schon im letzten Jahr meinte es der Wettergott nicht gut mit den Ratsmitgliedern. Also fand man sich zur Sitzung, wie im Jahr zuvor, in der Kegelbahn in der Leinachtalhalle ein.<\/p>\n<p>Zun\u00e4chst hatte man sich zur Ortseinsicht am alten Backofen in der Ringstra\u00dfe getroffen, wo der Vereinsringvorsitzende Reinhard Steinmetz die n\u00e4chsten Schritte zur Sanierung des Geb\u00e4udes vorstellte. Am Tag des offenen Denkmals sollen die Erfolge dann der \u00d6ffentlichkeit vorgestellt werden.<\/p>\n<p>Nach Abhandlung einiger Bauantr\u00e4ge erkl\u00e4rte in der Sitzung dann Frau Morgenroth von der Fa. E.ON Bayern, einige \u00c4nderungen zum Stromlieferungsvertrag f\u00fcr die Stra\u00dfenbeleuchtungsanlage der Gemeinde.<br \/>\nIm Anschluss daran beschloss man dann eine verkehrsberuhigende Ma\u00dfnahme im Bereich des Jugendg\u00e4stehauses.<\/p>\n<p>Es folgte dann eine kurze Diskussion \u00fcber eine m\u00f6gliche Erweiterung des Radwege-Bestandes im Bereich von Leinach, im Zusammenhang mit dem Rad-\/Wanderwegenetz f\u00fcr die Region im Rahmen eines gemeinsamen LEADER+-Projektes. Dabei kam aus der Runde der Vorschlag einer Erweiterung entweder Richtung Remlingen \u00fcber den Johannishof bzw. eine n\u00e4here Anbindung nach W\u00fcrzburg \u00fcber Erlabrunner Gemarkung.<\/p>\n<p>Unter TOP 6 der Sitzung informierte der Vorsitzende \u00fcber die Ergebnis der \u00d6PNV-Tagung, insbesondere hinsichtlich Taktverkehr, Haltestellenkonzept und B\u00fcrgerbus. Nachdem f\u00fcr unseren Ort diesbez\u00fcglich der Zustand unbefriedigend ist, wird beabsichtigt, einen Arbeitskreis zu bilden, der eine optimale L\u00f6sung ausarbeiten soll.<\/p>\n<p>Auf keine Gegenliebe bei den Ratsmitgliedern stie\u00df der Antrag eines Gemeindeb\u00fcrgers zur F\u00e4llung eines Baumes auf einem gemeindeeigenem Grundst\u00fcck &#8211; der Antrag wurde einstimmig abgelehnt.<\/p>\n<p>Bei der Vorlage des Halbjahresberichtes 2008 der Gemeinde Leinach musste festgestellt werden, dass tats\u00e4chlich bei einigen Haushaltsstellen der Ansatz im Hauhaltsplan schon \u00fcberschritten wurde. Die aktuellen Informationen betrafen in der Hauptsache die k\u00fcnftige Nachmittagsbetreuung in der Grundschule und den unbefriedigenden Stand der Entsorgung des Sammelgutes an der Gr\u00fcndgutdeponie durch die derzeit beauftragte Firma.<\/p>\n<p>Nach Abschluss der Nicht\u00f6ffentlichen Sitzung ging es dann zum gem\u00fctlichen Teil \u2013 sprich Verkostung des Grillgutes \u2013 \u00fcber.<\/p>\n","protected":false},"excerpt":{"rendered":"<p>Die letzte Sitzung vor den Sommerferien sollte eigentlich unter freiem Himmel stattfinden, aber wie schon im letzten Jahr meinte es der Wettergott nicht gut mit den Ratsmitgliedern. Also fand man sich zur Sitzung, wie im Jahr zuvor, in der Kegelbahn in der Leinachtalhalle ein. Zun\u00e4chst hatte man sich zur Ortseinsicht am alten Backofen in der [&hellip;]<\/p>\n","protected":false},"author":1,"featured_media":0,"comment_status":"open","ping_status":"open","sticky":false,"template":"","format":"standard","meta":{"ngg_post_thumbnail":0,"footnotes":""},"categories":[11,12],"tags":[89,90,88,95,93,94,92,91],"class_list":["post-200","post","type-post","status-publish","format-standard","hentry","category-gemeinderat","category-leinach-2","tag-bauantrage","tag-e-on","tag-freiluftsitzung","tag-halbjahresbericht","tag-leader","tag-opnv","tag-radweg","tag-strom"],"_links":{"self":[{"href":"https:\/\/ubl-leinach.de\/ublog\/wp-json\/wp\/v2\/posts\/200","targetHints":{"allow":["GET"]}}],"collection":[{"href":"https:\/\/ubl-leinach.de\/ublog\/wp-json\/wp\/v2\/posts"}],"about":[{"href":"https:\/\/ubl-leinach.de\/ublog\/wp-json\/wp\/v2\/types\/post"}],"author":[{"embeddable":true,"href":"https:\/\/ubl-leinach.de\/ublog\/wp-json\/wp\/v2\/users\/1"}],"replies":[{"embeddable":true,"href":"https:\/\/ubl-leinach.de\/ublog\/wp-json\/wp\/v2\/comments?post=200"}],"version-history":[{"count":1,"href":"https:\/\/ubl-leinach.de\/ublog\/wp-json\/wp\/v2\/posts\/200\/revisions"}],"predecessor-version":[{"id":201,"href":"https:\/\/ubl-leinach.de\/ublog\/wp-json\/wp\/v2\/posts\/200\/revisions\/201"}],"wp:attachment":[{"href":"https:\/\/ubl-leinach.de\/ublog\/wp-json\/wp\/v2\/media?parent=200"}],"wp:term":[{"taxonomy":"category","embeddable":true,"href":"https:\/\/ubl-leinach.de\/ublog\/wp-json\/wp\/v2\/categories?post=200"},{"taxonomy":"post_tag","embeddable":true,"href":"https:\/\/ubl-leinach.de\/ublog\/wp-json\/wp\/v2\/tags?post=200"}],"curies":[{"name":"wp","href":"https:\/\/api.w.org\/{rel}","templated":true}]}}