{"id":354,"date":"2012-12-04T19:50:52","date_gmt":"2012-12-04T17:50:52","guid":{"rendered":"http:\/\/ubl-leinach.de\/ublog\/?p=354"},"modified":"2012-12-04T19:50:52","modified_gmt":"2012-12-04T17:50:52","slug":"neue-computer-fur-die-grundschule","status":"publish","type":"post","link":"https:\/\/ubl-leinach.de\/ublog\/neue-computer-fur-die-grundschule\/","title":{"rendered":"&#8222;Neue&#8220; Computer f\u00fcr die Grundschule"},"content":{"rendered":"<p>Im vergangenen Sommer tauschte der Vogel-Verlag in W\u00fcrzburg einen Gro\u00dfteil seiner bisherigen Computer gegen neue Ger\u00e4te aus.<\/p>\n<p>Dadurch bot sich f\u00fcr Firmenangeh\u00f6rige die Gelegenheit die gebrauchten, noch funktionsf\u00e4higen Rechner, f\u00fcr die private Nutzung, oder aber beispielsweise f\u00fcr Schulen und \u00e4hnliche Einrichtungen g\u00fcnstig zu erwerben.<\/p>\n<p>Diese Gelegenheit wurde von unserem Mitglied Adalbert Franz genutzt. Somit konnten der Grundschule Leinach zu Beginn des neuen Schuljahres 12 Rechner, die alle vorher noch auf Herz und Nieren getestet wurden und f\u00fcr die schulischen Zwecke noch alle Voraussetzungen erf\u00fcllen, \u00fcbergeben werden. Die hierf\u00fcr anfallenden Kosten wurden von den Unabh\u00e4ngigen B\u00fcrgern Leinach \u00fcbernommen.<\/p>\n<p>Die meisten der gespendeten Computer sind mittlerweile im Einsatz. Die restlichen sollen in naher Zukunft Altger\u00e4te ersetzen.<\/p>\n<p>Durch die nun stattliche Anzahl an Arbeitspl\u00e4tzen im Computerraum der Grundschule ist nun gew\u00e4hrleistet, dass jeweils eine halbe Klasse am\u00a0PC arbeiten kann. Dies erh\u00f6ht die Effizienz und tr\u00e4gt in erheblichem Ma\u00dfe zur medialen Erziehung der Grundschulkinder bei.<\/p>\n<p><img loading=\"lazy\" decoding=\"async\" class=\"aligncenter size-full wp-image-355\" title=\"Computerspende f\u00fcr die Grundschule\" src=\"https:\/\/ubl-leinach.de\/ublog\/wp-content\/uploads\/2012\/12\/PC_Kinder.jpg\" alt=\"Computerspende f\u00fcr die Grundschule\" width=\"800\" height=\"600\" srcset=\"https:\/\/ubl-leinach.de\/ublog\/wp-content\/uploads\/2012\/12\/PC_Kinder.jpg 800w, https:\/\/ubl-leinach.de\/ublog\/wp-content\/uploads\/2012\/12\/PC_Kinder-600x450.jpg 600w, https:\/\/ubl-leinach.de\/ublog\/wp-content\/uploads\/2012\/12\/PC_Kinder-300x225.jpg 300w\" sizes=\"auto, (max-width: 800px) 100vw, 800px\" \/><\/p>\n<p>Auf dem Bild freuen sich die Kinder der Leinacher Grundschule mit ihrem Schulleiter Thomas Blendinger \u00fcber die neuen Computer.<\/p>\n","protected":false},"excerpt":{"rendered":"<p>Im vergangenen Sommer tauschte der Vogel-Verlag in W\u00fcrzburg einen Gro\u00dfteil seiner bisherigen Computer gegen neue Ger\u00e4te aus. Dadurch bot sich f\u00fcr Firmenangeh\u00f6rige die Gelegenheit die gebrauchten, noch funktionsf\u00e4higen Rechner, f\u00fcr die private Nutzung, oder aber beispielsweise f\u00fcr Schulen und \u00e4hnliche Einrichtungen g\u00fcnstig zu erwerben. Diese Gelegenheit wurde von unserem Mitglied Adalbert Franz genutzt. Somit konnten [&hellip;]<\/p>\n","protected":false},"author":1,"featured_media":0,"comment_status":"open","ping_status":"open","sticky":false,"template":"","format":"standard","meta":{"ngg_post_thumbnail":0,"footnotes":""},"categories":[12,13],"tags":[162,161,163,38],"class_list":["post-354","post","type-post","status-publish","format-standard","hentry","category-leinach-2","category-ubl","tag-computer","tag-grundschule","tag-pc","tag-spende"],"_links":{"self":[{"href":"https:\/\/ubl-leinach.de\/ublog\/wp-json\/wp\/v2\/posts\/354","targetHints":{"allow":["GET"]}}],"collection":[{"href":"https:\/\/ubl-leinach.de\/ublog\/wp-json\/wp\/v2\/posts"}],"about":[{"href":"https:\/\/ubl-leinach.de\/ublog\/wp-json\/wp\/v2\/types\/post"}],"author":[{"embeddable":true,"href":"https:\/\/ubl-leinach.de\/ublog\/wp-json\/wp\/v2\/users\/1"}],"replies":[{"embeddable":true,"href":"https:\/\/ubl-leinach.de\/ublog\/wp-json\/wp\/v2\/comments?post=354"}],"version-history":[{"count":1,"href":"https:\/\/ubl-leinach.de\/ublog\/wp-json\/wp\/v2\/posts\/354\/revisions"}],"predecessor-version":[{"id":356,"href":"https:\/\/ubl-leinach.de\/ublog\/wp-json\/wp\/v2\/posts\/354\/revisions\/356"}],"wp:attachment":[{"href":"https:\/\/ubl-leinach.de\/ublog\/wp-json\/wp\/v2\/media?parent=354"}],"wp:term":[{"taxonomy":"category","embeddable":true,"href":"https:\/\/ubl-leinach.de\/ublog\/wp-json\/wp\/v2\/categories?post=354"},{"taxonomy":"post_tag","embeddable":true,"href":"https:\/\/ubl-leinach.de\/ublog\/wp-json\/wp\/v2\/tags?post=354"}],"curies":[{"name":"wp","href":"https:\/\/api.w.org\/{rel}","templated":true}]}}