{"id":9231,"date":"2013-04-21T10:42:00","date_gmt":"2013-04-21T09:42:00","guid":{"rendered":"https:\/\/ubl-leinach.de\/ublog\/?p=9231"},"modified":"2025-04-10T12:56:04","modified_gmt":"2025-04-10T11:56:04","slug":"quellenweg","status":"publish","type":"post","link":"https:\/\/ubl-leinach.de\/ublog\/quellenweg\/","title":{"rendered":"&#8222;Quellenweg&#8220;"},"content":{"rendered":"\n<ul class=\"wp-block-list\">\n<li>Er\u00f6ffnet\/erstbegangen am 21.04.2013<\/li>\n\n\n\n<li>Initiatoren\/Verantwortliche: Unabh\u00e4ngige B\u00fcrger Leinach (UBL)<\/li>\n\n\n\n<li>Ansprechpartner: Michael V\u00e4th, Albert Hartmann<\/li>\n\n\n\n<li>Ausgangs- und Zielpunkt: Rathaus\/Leinachtalhalle<\/li>\n\n\n\n<li>L\u00e4nge: ca. 10 km &#8211; Gehdauer: ca. 2 \u00bd Stunden<\/li>\n\n\n\n<li>Wegpunkte:<\/li>\n<\/ul>\n\n\n\n<ol class=\"wp-block-list\">\n<li>Start\/Ziel: Leinachtalhalle<\/li>\n\n\n\n<li>tegut-L\u00e4dchen<\/li>\n\n\n\n<li>Sportgel\u00e4nde SpVgg Leinach<\/li>\n\n\n\n<li>Bildstock an der Wegkreuzung<\/li>\n\n\n\n<li>Kreuz am Greu\u00dfenheimer Berg<\/li>\n\n\n\n<li>Feldkreuz am Kirchberg<\/li>\n\n\n\n<li>Kirche St. Laurentius<br><\/li>\n<\/ol>\n\n\n\n<p>Wegbeschreibung und Karte finden Sie online unter www.ubl-leinach.de und <a href=\"https:\/\/www.komoot.com\/de-de\/tour\/354859359\">KOMOOT<\/a>, oder in der Wanderkarte \u201eLeinach beWEGt\u201c. Diese erhalten Sie im Rathaus, bzw. in einem Kartenfach nebenan bei den Anschlagtafeln.<\/p>\n\n\n\n<p>Die neue Strecke \u201eQuellenweg\u201c ist das j\u00fcngste Kind in der Reihe der UBL-Wanderwege. Sie f\u00fchrt \u00fcber gut begehbare Wege zum gro\u00dfen Teil durch ein Quellgebiet der Leinacher Gemarkung.<br>Die Wanderin\/der Wanderer startet vom Rathaus und l\u00e4uft die Staatstra\u00dfe entlang, vorbei am tegut\u2026-L\u00e4dchen. Dort wird die Einheitsbr\u00fccke \u00fcber die Leinach, hin zur Bachstra\u00dfe \u00fcberquert, weiter geht es vorbei an der &#8222;Br\u00fccke&#8220; bzw. &#8222;An der Weeth&#8220;, die Claus-Schnabel-Stra\u00dfe ein St\u00fcck entlang. Dann nach links durch einen schmalen Durchgang, vorbei am Spielplatz, Richtung Sportgel\u00e4nde der SpVgg Leinach am s\u00fcdlichen Ortsende. An der dortigen Wasserzapfstelle vorbei und nach den Breitensporteinrichtungen geht es nach links einen kurzen Anstieg zu einer Fahrstra\u00dfe. <\/p>\n\n\n\n<p><br>Jetzt geht\u2019s erst einmal f\u00fcr ca. 1,5 km auf dieser befestigten Stra\u00dfe durch das Quellengebiet. Viele kleine Wasserl\u00e4ufe sind hier zu sehen und die dazu geh\u00f6rende Fauna und Flora. Mit Geschick restaurierte Bildst\u00f6cke laden den Betrachter zum Verweilen ein.<\/p>\n\n\n\n<p><br>Die Abbiegung nach links Richtung Dietwalterh\u00f6fe lassen wir \u201elinks liegen\u201c und gehen bis zum n\u00e4chsten breiteren Weg, der rechts abbiegt geradeaus weiter. Dieser unbefestigte Feldweg f\u00fchrt nach wenigen Metern langsam ansteigend nach oben zum Greu\u00dfenheimer Berg. Bevor man das dort stehende Kreuz erreicht, passiert man eine Gas-Station, nach der es rechts haltend zum Kreuz geht.<\/p>\n\n\n\n<p><br>Hier wird wiederum die Staatsstra\u00dfe 2310 \u00fcberquert um danach die erste Abzweigung nach rechts zu nehmen, die schnurgerade wieder zur\u00fcck ins Dorf f\u00fchrt. Ab diesem Punkt werden die beiden Wanderwege Schwarzkiefer\u201c und \u201eQuellenweg\u201c zusammengef\u00fchrt. Man k\u00f6nnte also von hier aus auch eine l\u00e4ngere Wanderstrecke nutzen, die ab hier mit einem Kiefernzapfen markiert ist und als Endpunkt ebenfalls das<br>Rathaus bzw. die Leinachtalhalle hat.<\/p>\n\n\n\n<p><br>Wer aber direkt ins Dorf zur\u00fcck will, wendet sich wie oben beschrieben nach rechts und l\u00e4uft auf dem Kamm des \u201eZiegelrains\u201c und \u201eGoldbergs\u201c entlang durch offene Felder und Weinberge sowie einmalige Schwarzkiefernwaldbest\u00e4nde, die in den vergangenen Hitzesommern jedoch stark gelitten haben.<\/p>\n\n\n\n<p><br>Sobald der Weg steil abf\u00e4llt, belohnt ein wundersch\u00f6ner Panoramablick \u00fcber das ganze Dorf die Anstrengungen. Man biegt jetzt links auf die Pater-Vinzenz-Stra\u00dfe und kann nun \u00fcber die Burkardusstra\u00dfe zum Ausgangspunkt \u201eLeinachtalhalle\u201c zur\u00fcckgehen. Es lohnt sich allerdings ein kleiner Abstecher zur renovierten Kirche \u201eSt. Laurentius\u201c. Dazu muss man nur ein St\u00fcck geradeaus bergab gehen. Der Weg st\u00f6\u00dft direkt auf die Kirche. Nach ca. 2 \u00bd bis 3 Stunden \u2013 je nach Lauftempo und Wanderpausen \u2013 kommt man<br>wieder am Ausgangspunkt Leinachtalhalle an.<\/p>\n\n\n\n<iframe loading=\"lazy\" src=\"https:\/\/www.komoot.com\/de-de\/tour\/354859359\/embed?share_token=augVF4Odd6ZyGl2vwxzOYa4Vvk7g6cwILjoDu18Mrx2RjUzpXZ&#038;profile=1\" width=\"100%\" height=\"700\" frameborder=\"0\" scrolling=\"no\"><\/iframe>\n","protected":false},"excerpt":{"rendered":"<p>Wegbeschreibung und Karte finden Sie online unter www.ubl-leinach.de und KOMOOT, oder in der Wanderkarte \u201eLeinach beWEGt\u201c. Diese erhalten Sie im Rathaus, bzw. in einem Kartenfach nebenan bei den Anschlagtafeln. Die neue Strecke \u201eQuellenweg\u201c ist das j\u00fcngste Kind in der Reihe der UBL-Wanderwege. Sie f\u00fchrt \u00fcber gut begehbare Wege zum gro\u00dfen Teil durch ein Quellgebiet der [&hellip;]<\/p>\n","protected":false},"author":1,"featured_media":9232,"comment_status":"open","ping_status":"open","sticky":false,"template":"","format":"standard","meta":{"ngg_post_thumbnail":0,"footnotes":""},"categories":[437],"tags":[],"class_list":["post-9231","post","type-post","status-publish","format-standard","has-post-thumbnail","hentry","category-wanderwege"],"_links":{"self":[{"href":"https:\/\/ubl-leinach.de\/ublog\/wp-json\/wp\/v2\/posts\/9231","targetHints":{"allow":["GET"]}}],"collection":[{"href":"https:\/\/ubl-leinach.de\/ublog\/wp-json\/wp\/v2\/posts"}],"about":[{"href":"https:\/\/ubl-leinach.de\/ublog\/wp-json\/wp\/v2\/types\/post"}],"author":[{"embeddable":true,"href":"https:\/\/ubl-leinach.de\/ublog\/wp-json\/wp\/v2\/users\/1"}],"replies":[{"embeddable":true,"href":"https:\/\/ubl-leinach.de\/ublog\/wp-json\/wp\/v2\/comments?post=9231"}],"version-history":[{"count":4,"href":"https:\/\/ubl-leinach.de\/ublog\/wp-json\/wp\/v2\/posts\/9231\/revisions"}],"predecessor-version":[{"id":9404,"href":"https:\/\/ubl-leinach.de\/ublog\/wp-json\/wp\/v2\/posts\/9231\/revisions\/9404"}],"wp:featuredmedia":[{"embeddable":true,"href":"https:\/\/ubl-leinach.de\/ublog\/wp-json\/wp\/v2\/media\/9232"}],"wp:attachment":[{"href":"https:\/\/ubl-leinach.de\/ublog\/wp-json\/wp\/v2\/media?parent=9231"}],"wp:term":[{"taxonomy":"category","embeddable":true,"href":"https:\/\/ubl-leinach.de\/ublog\/wp-json\/wp\/v2\/categories?post=9231"},{"taxonomy":"post_tag","embeddable":true,"href":"https:\/\/ubl-leinach.de\/ublog\/wp-json\/wp\/v2\/tags?post=9231"}],"curies":[{"name":"wp","href":"https:\/\/api.w.org\/{rel}","templated":true}]}}