{"id":9765,"date":"2026-01-05T17:38:37","date_gmt":"2026-01-05T16:38:37","guid":{"rendered":"https:\/\/ubl-leinach.de\/ublog\/?p=9765"},"modified":"2026-01-08T13:59:14","modified_gmt":"2026-01-08T12:59:14","slug":"das-gemachte-nest","status":"publish","type":"post","link":"https:\/\/ubl-leinach.de\/ublog\/das-gemachte-nest\/","title":{"rendered":"&#8222;Das gemachte Nest&#8220;"},"content":{"rendered":"\n<p>Zwei Monate vor der Wahl ein &#8211; bei Weitem nicht abschlie\u00dfender &#8211; R\u00fcckblick auf die vergangenen sechs erfolgreichen Jahre mit Arno als 1. B\u00fcrgermeister unserer sch\u00f6nen Gemeinde. Es ist etwas l\u00e4nger geworden, h\u00e4tte aber noch viel l\u00e4nger werden k\u00f6nnen, wenn ich auf Alles eingegangen w\u00e4re, was geschafft und umgesetzt wurde. Dennoch gibt es auch weiterhin viel zu tun!<\/p>\n\n\n\n<p>Wir packen das an &#8211; Arno packt das an &#8211; und dann wird es auch gut!<\/p>\n\n\n        <style>\n            #h5vp69f4cce2090e0 {  width: 100%; }        <\/style>\n        <div id=\"h5vp69f4cce2090e0\" class=\"pdp-wrapper pdp_initializer pdp_wrapper_default light\" data-settings=\"{&quot;options&quot;:{&quot;controls&quot;:[&quot;play&quot;,&quot;progress&quot;,&quot;current-time&quot;,&quot;mute&quot;,&quot;volume&quot;,&quot;settings&quot;],&quot;tooltips&quot;:{&quot;controls&quot;:true,&quot;seek&quot;:true},&quot;loop&quot;:{&quot;active&quot;:false}},&quot;infos&quot;:{&quot;share&quot;:true,&quot;shares&quot;:[&quot;facebook&quot;,&quot;twitter&quot;,&quot;linkedin&quot;,&quot;pinterest&quot;,&quot;stumbleupon&quot;,&quot;whatsapp&quot;,&quot;email&quot;],&quot;showCount&quot;:false,&quot;showLabel&quot;:false,&quot;skin&quot;:&quot;default&quot;}}\">\n                                <div id=\"\" class=\"row pdp-item pdf_player\">\n                                                    <div class=\"pdp_fet_img col-md-3\">\n                                <img decoding=\"async\" src=\"https:\/\/ubl-leinach.de\/ublog\/wp-content\/uploads\/2026\/01\/nest_4_3.jpg\" alt=\"Image\" \/>\n                            <\/div>\n                                                <div class=\"pdp_plyr_area col-md-9\">\n                                                            <h3 title=\"Das gemachte Nest\">Das gemachte Nest<\/h3>\n                                                        <div class=\"audioWrapper\">\n                                <audio class=\"podcast\" playsinline>\n                                    <source src=\"https:\/\/ubl-leinach.de\/ublog\/wp-content\/uploads\/2026\/01\/Rueckblick_final.mp3\" type=\"audio\/mp3\" \/>\n                                    Your browser does not support the audio tag.\n                                <\/audio>\n                            <\/div>\n                            <div class=\"share\"><\/div>\n                        <\/div>\n                    <\/div>\n                    <\/div>\n\n\n\n\n<figure class=\"wp-block-embed is-type-rich is-provider-spotify wp-block-embed-spotify wp-embed-aspect-21-9 wp-has-aspect-ratio\"><div class=\"wp-block-embed__wrapper\">\n<iframe title=\"Spotify Embed: Das gemachte Nest\" style=\"border-radius: 12px\" width=\"100%\" height=\"152\" frameborder=\"0\" allowfullscreen allow=\"autoplay; clipboard-write; encrypted-media; fullscreen; picture-in-picture\" loading=\"lazy\" src=\"https:\/\/open.spotify.com\/embed\/episode\/4hJOco7etdUk1Xjnef8em0?si=WzmjKsQxSbOD1a_URnXbQg&amp;utm_source=oembed\"><\/iframe>\n<\/div><\/figure>\n\n\n\n<figure class=\"wp-block-embed is-type-rich is-provider-soundcloud wp-block-embed-soundcloud\"><div class=\"wp-block-embed__wrapper\">\n<iframe loading=\"lazy\" title=\"R\u00fcckblick by UBLeinach\" width=\"757\" height=\"400\" scrolling=\"no\" frameborder=\"no\" src=\"https:\/\/w.soundcloud.com\/player\/?visual=true&#038;url=https%3A%2F%2Fapi.soundcloud.com%2Ftracks%2F2243742662&#038;show_artwork=true&#038;maxheight=1000&#038;maxwidth=757\"><\/iframe>\n<\/div><\/figure>\n","protected":false},"excerpt":{"rendered":"<p>Zwei Monate vor der Wahl ein &#8211; bei Weitem nicht abschlie\u00dfender &#8211; R\u00fcckblick auf die vergangenen sechs erfolgreichen Jahre mit Arno als 1. B\u00fcrgermeister unserer sch\u00f6nen Gemeinde. Es ist etwas l\u00e4nger geworden, h\u00e4tte aber noch viel l\u00e4nger werden k\u00f6nnen, wenn ich auf Alles eingegangen w\u00e4re, was geschafft und umgesetzt wurde. Dennoch gibt es auch weiterhin [&hellip;]<\/p>\n","protected":false},"author":1,"featured_media":9775,"comment_status":"open","ping_status":"open","sticky":false,"template":"","format":"standard","meta":{"ngg_post_thumbnail":0,"footnotes":""},"categories":[236,11,221,14,12,436,13],"tags":[208,64,42,10,522,41],"class_list":["post-9765","post","type-post","status-publish","format-standard","has-post-thumbnail","hentry","category-buergermeister","category-gemeinderat","category-kandidaten","category-kommunalwahl","category-leinach-2","category-podcast","category-ubl","tag-buergermeister","tag-gemeinderat-2","tag-kommunalwahl-2","tag-leinach","tag-teamarno","tag-wahl"],"_links":{"self":[{"href":"https:\/\/ubl-leinach.de\/ublog\/wp-json\/wp\/v2\/posts\/9765","targetHints":{"allow":["GET"]}}],"collection":[{"href":"https:\/\/ubl-leinach.de\/ublog\/wp-json\/wp\/v2\/posts"}],"about":[{"href":"https:\/\/ubl-leinach.de\/ublog\/wp-json\/wp\/v2\/types\/post"}],"author":[{"embeddable":true,"href":"https:\/\/ubl-leinach.de\/ublog\/wp-json\/wp\/v2\/users\/1"}],"replies":[{"embeddable":true,"href":"https:\/\/ubl-leinach.de\/ublog\/wp-json\/wp\/v2\/comments?post=9765"}],"version-history":[{"count":3,"href":"https:\/\/ubl-leinach.de\/ublog\/wp-json\/wp\/v2\/posts\/9765\/revisions"}],"predecessor-version":[{"id":9770,"href":"https:\/\/ubl-leinach.de\/ublog\/wp-json\/wp\/v2\/posts\/9765\/revisions\/9770"}],"wp:featuredmedia":[{"embeddable":true,"href":"https:\/\/ubl-leinach.de\/ublog\/wp-json\/wp\/v2\/media\/9775"}],"wp:attachment":[{"href":"https:\/\/ubl-leinach.de\/ublog\/wp-json\/wp\/v2\/media?parent=9765"}],"wp:term":[{"taxonomy":"category","embeddable":true,"href":"https:\/\/ubl-leinach.de\/ublog\/wp-json\/wp\/v2\/categories?post=9765"},{"taxonomy":"post_tag","embeddable":true,"href":"https:\/\/ubl-leinach.de\/ublog\/wp-json\/wp\/v2\/tags?post=9765"}],"curies":[{"name":"wp","href":"https:\/\/api.w.org\/{rel}","templated":true}]}}